{"id":146,"date":"2018-07-17T20:49:38","date_gmt":"2018-07-17T20:49:38","guid":{"rendered":"https:\/\/gyorokszoda.hu\/?p=146"},"modified":"2018-07-17T20:50:56","modified_gmt":"2018-07-17T20:50:56","slug":"palackozott-vizunk-a-budapesti-viz-vilagtalalkozon","status":"publish","type":"post","link":"https:\/\/gyorokszoda.hu\/?p=146","title":{"rendered":"Palackozott viz\u00fcnk a Budapesti V\u00edz Vil\u00e1gtal\u00e1lkoz\u00f3n"},"content":{"rendered":"\n<p><strong>A v\u00edz ma a legvesz\u00e9lyeztetettebb er\u0151forr\u00e1s, ez\u00e9rt el kell \u00e9rni, hogy a politikai gondolkod\u00e1s \u00e9s cselekv\u00e9s legfontosabb k\u00e9rd\u00e9s\u00e9v\u00e9 v\u00e1ljon &#8211; jelentette ki \u00c1der J\u00e1nos k\u00f6zt\u00e1rsas\u00e1gi eln\u00f6k a Budapesti V\u00edz Vil\u00e1gtal\u00e1lkoz\u00f3 2016-ot megnyit\u00f3 besz\u00e9d\u00e9ben h\u00e9tf\u0151n, Budapesten. Hangs\u00falyozta: megfelel\u0151 mennyis\u00e9g\u0171 \u00e9s min\u0151s\u00e9g\u0171 v\u00edz n\u00e9lk\u00fcl nincs elegend\u0151 \u00e9lelmiszer, nincs ipari fejl\u0151d\u00e9s \u00e9s nincs fenntarthat\u00f3 urbaniz\u00e1ci\u00f3, a v\u00edz a b\u00e9ke \u00e9s a biztons\u00e1g z\u00e1loga.<\/strong><\/p>\n<p><div id=\"attachment_1434\" style=\"width: 1210px\" class=\"wp-caption alignnone\"><img decoding=\"async\" src=\"https:\/\/gyorokszoda.hu\/wp-content\/uploads\/2017\/01\/D_MTZ201611280121.jpg\" alt=\"Palackozott viz\u00fcnk a Budapesti V\u00edz Vil\u00e1gtal\u00e1lkoz\u00f3n\" width=\"100%\" height=\"1060\" class=\"size-full wp-image-1434\" \n\n<p class=\"wp-caption-text\">Palackozott viz\u00fcnk a Budapesti V\u00edz Vil\u00e1gtal\u00e1lkoz\u00f3n<br \/>\nForr\u00e1s: http:\/\/www.hirado.hu\/2016\/11\/28\/megkezdodott-a-viz-vilagtalalkozo-budapesten\/#<\/p>\n<\/div>\n<p>\n\u00c1der J\u00e1nos kifejtette, hogy 2030-ig a n\u00e9pess\u00e9g tov\u00e1bbi gyarapod\u00e1sa \u00e9s az \u00e9lelmiszer-fogyaszt\u00e1s n\u00f6veked\u00e9se harmincsz\u00e1zal\u00e9kos v\u00edzfogyaszt\u00e1s-emelked\u00e9st eredm\u00e9nyez.<\/p>\n<p><img loading=\"lazy\" decoding=\"async\" class=\"size-medium wp-image-405 alignleft\" src=\"http:\/\/www.hirado.hu\/wp-content\/uploads\/sites\/7\/2016\/11\/D_MTZ201611280264.jpg\" alt=\"V\u00edztal\u00e1lkoz\u00f3\" width=\"300\" height=\"200\"\/>R\u00e1ad\u00e1sul az iparnak 2050-ig minimum 50 sz\u00e1zal\u00e9kkal t\u00f6bb v\u00edzre lesz sz\u00fcks\u00e9ge \u2013 mutatott r\u00e1 az \u00e1llamf\u0151. Kiemelte: a vil\u00e1gtal\u00e1lkoz\u00f3 r\u00e9sztvev\u0151i az\u00e9rt gy\u0171ltek \u00f6ssze, hogy megold\u00e1sokat tal\u00e1ljanak a k\u00f6z\u00f6s gondokra.<br \/>\n\u00c1der J\u00e1nos hozz\u00e1tette: ha nem oldj\u00e1k meg a v\u00edzgazd\u00e1lkod\u00e1ssal \u00f6sszef\u00fcgg\u0151 probl\u00e9m\u00e1kat, akkor a fenntarthat\u00f3 fejl\u0151d\u00e9si c\u00e9lok sem lesznek el\u00e9rhet\u0151k.<\/p>\n<p>Ez\u00e9rt \u00f6ssze kell gy\u0171jteni a vil\u00e1gban fellelhet\u0151 legjobb megold\u00e1sokat, meg kell teremteni m\u00e1shol is a sikeres adapt\u00e1ci\u00f3 felt\u00e9teleit, \u00f6szt\u00f6n\u00f6zni kell az \u00faj innovat\u00edv megold\u00e1sokat. A siker rem\u00e9ny\u00e9ben miel\u0151bb \u00e9s min\u00e9l t\u00f6bb k\u00eds\u00e9rleti programot kell ind\u00edtani, mindehhez pedig meg kell teremteni a finansz\u00edroz\u00e1s felt\u00e9teleit \u2013 h\u00fazta al\u00e1, hozz\u00e1t\u00e9ve: az id\u0151 s\u00fcrget.<\/p>\n<p>Az eln\u00f6k kit\u00e9rt arra, hogy a mez\u0151gazdas\u00e1g a teljes v\u00edzfelhaszn\u00e1l\u00e1s 70 sz\u00e1zal\u00e9k\u00e1t ig\u00e9nyli, de a term\u0151f\u00f6ldek mind\u00f6ssze 15 sz\u00e1zal\u00e9k\u00e1n folyik \u00f6nt\u00f6z\u00e9ses gazd\u00e1lkod\u00e1s. Ezek a f\u00f6ldek adj\u00e1k azonban a term\u00e9s 40 sz\u00e1zal\u00e9k\u00e1t.<\/p>\n<p>Ma vannak orsz\u00e1gok, amelyek egyhatodnyi v\u00edzzel k\u00e9pesek annyi term\u00e9st el\u0151\u00e1ll\u00edtani, mint m\u00e1sok \u2013 mondta \u00c1der J\u00e1nos.<br \/>\nR\u00e1mutatott arra is, hogy a kl\u00edmav\u00e1ltoz\u00e1s hat\u00e1sait 80 sz\u00e1zal\u00e9kban a v\u00edz k\u00f6zvet\u00edt\u00e9s\u00e9vel lehet \u00e9rz\u00e9kelni.<\/p>\n<p>A kl\u00edmav\u00e1ltoz\u00e1s okozta k\u00e1rok hat\u00e1ssal vannak az \u00e1ramell\u00e1t\u00e1sra, az iparfejleszt\u00e9sre, az \u00e1ramexportra, a ki\u00e9p\u00fclt infrastrukt\u00fara haszn\u00e1lat\u00e1ra, a befektetett hatalmas \u00f6sszeg megt\u00e9r\u00fcl\u00e9s\u00e9re.<\/p>\n<p>Emellett a kl\u00edmav\u00e1ltoz\u00e1s, a bel\u0151le ad\u00f3d\u00f3 v\u00edzhi\u00e1ny r\u00e9v\u00e9n, jelent\u0151sen befoly\u00e1solja az \u00e9lelmiszeripari alapanyagok termel\u00e9s\u00e9t, p\u00e9ldak\u00e9nt eml\u00edtette a N\u00edlus vid\u00e9k\u00e9t, ahol a b\u00faza \u00e9s a kukorica hozama ak\u00e1r 50 sz\u00e1zal\u00e9kkal is cs\u00f6kkenhet. Az urbaniz\u00e1ci\u00f3 egy\u00e9rtelm\u0171en v\u00edzhez k\u00f6t\u00f6tt, a v\u00edzhi\u00e1ny a v\u00e1rosok eln\u00e9ptelened\u00e9s\u00e9t hozhatja \u2013 jelentette ki a k\u00f6zt\u00e1rsas\u00e1gi eln\u00f6k.<\/p>\n<p>\u00c1der J\u00e1nos v\u00e9g\u00fcl David Atterborough-ot id\u00e9zte: \u201cA f\u00f6ldi \u00e9let j\u00f6v\u0151je att\u00f3l f\u00fcgg, hogy k\u00e9pesek vagyunk-e cselekedni.<\/p>\n<p>Sokan egy\u00e9nileg is megtesznek minden t\u0151l\u00fck telhet\u0151t, \u00e1m val\u00f3di sikert csak akkor \u00e9rhet\u00fcnk el, ha gy\u00f6keres v\u00e1ltoz\u00e1sok mennek v\u00e9gbe a t\u00e1rsadalomban, a gazdas\u00e1gban \u00e9s a politik\u00e1ban\u201d.<\/p>\n<p><div style=\"width: 310px\" class=\"wp-caption alignright\"><img loading=\"lazy\" decoding=\"async\" class=\"\" src=\"http:\/\/www.hirado.hu\/wp-content\/uploads\/sites\/7\/2016\/11\/D_MTZ20161128024.jpg\" alt=\"\" width=\"640\" height=\"392\"\/><\/p>\n<p class=\"wp-caption-text\">Peter Thomson, az ENSZ K\u00f6zgy\u0171l\u00e9s eln\u00f6ke sajt\u00f3t\u00e1j\u00e9koztat\u00f3t tart a Budapesti V\u00edz Vil\u00e1gtal\u00e1lkoz\u00f3 2016 konferenci\u00e1n (MTI Fot\u00f3: M\u00e1th\u00e9 Zolt\u00e1n)<br \/>\nForr\u00e1s: www.hirado.hu<\/p>\n<\/div>\n<p>\n<strong>Thomson: az emberi civiliz\u00e1ci\u00f3 a t\u00e9t<\/strong><\/p>\n<p>Peter Thomson, az ENSZ K\u00f6zgy\u0171l\u00e9s eln\u00f6ke szerint a vil\u00e1g olyan \u00faton halad, amely a fenntarthatatlans\u00e1g fel\u00e9 vezet. A p\u00e1rizsi meg\u00e1llapod\u00e1s f\u0151 c\u00e9lja, hogy az \u00e1tlagos glob\u00e1lis h\u0151m\u00e9rs\u00e9klet-emelked\u00e9s 1,5-2 Celsius-fokon bel\u00fcl maradjon, de ahova most a vil\u00e1g tart, az a 3-4 fokos meleged\u00e9s. Nem tudni, ebben k\u00e9pes lesz-e fennmaradni az emberi civiliz\u00e1ci\u00f3 \u2013 mondta.<\/p>\n<p>A kl\u00edmaegyezm\u00e9ny c\u00e9lkit\u0171z\u00e9sei kijel\u00f6lik a feladatokat, de az emberis\u00e9g m\u00e9g nem t\u00e9rt \u00e9szhez. A c\u00e9lkit\u0171z\u00e9sek megval\u00f3s\u00edt\u00e1sa n\u00e9lk\u00fcl az emberis\u00e9g j\u00f6v\u0151je van vesz\u00e9lyben \u2013 jelentette ki Peter Thomson.<\/p>\n<p><strong>Forr\u00e1s: <a href=\"https:\/\/web.archive.org\/web\/20170914145253\/http:\/\/www.hirado.hu\/2016\/11\/28\/megkezdodott-a-viz-vilagtalalkozo-budapesten\/\">Hirado.hu<\/a> <\/strong><\/p>\n","protected":false},"excerpt":{"rendered":"<p>A v\u00edz ma a legvesz\u00e9lyeztetettebb er\u0151forr\u00e1s, ez\u00e9rt el kell \u00e9rni, hogy a politikai gondolkod\u00e1s \u00e9s cselekv\u00e9s legfontosabb k\u00e9rd\u00e9s\u00e9v\u00e9 v\u00e1ljon &#8211; jelentette ki \u00c1der J\u00e1nos k\u00f6zt\u00e1rsas\u00e1gi eln\u00f6k a Budapesti V\u00edz Vil\u00e1gtal\u00e1lkoz\u00f3 2016-ot megnyit\u00f3 besz\u00e9d\u00e9ben h\u00e9tf\u0151n, Budapesten. Hangs\u00falyozta: megfelel\u0151 mennyis\u00e9g\u0171 \u00e9s min\u0151s\u00e9g\u0171<span class=\"ellipsis\">&hellip;<\/span><\/p>\n<div class=\"read-more\"><a href=\"https:\/\/gyorokszoda.hu\/?p=146\">Tov\u00e1bb \u203a<\/a><\/div>\n<p><!-- end of .read-more --><\/p>\n","protected":false},"author":1,"featured_media":0,"comment_status":"closed","ping_status":"closed","sticky":false,"template":"","format":"standard","meta":{"footnotes":""},"categories":[1],"tags":[11,12],"class_list":["post-146","post","type-post","status-publish","format-standard","hentry","category-egyeb","tag-palackozott-viz","tag-viz-vilagtalalkozo"],"aioseo_notices":[],"_links":{"self":[{"href":"https:\/\/gyorokszoda.hu\/index.php?rest_route=\/wp\/v2\/posts\/146","targetHints":{"allow":["GET"]}}],"collection":[{"href":"https:\/\/gyorokszoda.hu\/index.php?rest_route=\/wp\/v2\/posts"}],"about":[{"href":"https:\/\/gyorokszoda.hu\/index.php?rest_route=\/wp\/v2\/types\/post"}],"author":[{"embeddable":true,"href":"https:\/\/gyorokszoda.hu\/index.php?rest_route=\/wp\/v2\/users\/1"}],"replies":[{"embeddable":true,"href":"https:\/\/gyorokszoda.hu\/index.php?rest_route=%2Fwp%2Fv2%2Fcomments&post=146"}],"version-history":[{"count":4,"href":"https:\/\/gyorokszoda.hu\/index.php?rest_route=\/wp\/v2\/posts\/146\/revisions"}],"predecessor-version":[{"id":150,"href":"https:\/\/gyorokszoda.hu\/index.php?rest_route=\/wp\/v2\/posts\/146\/revisions\/150"}],"wp:attachment":[{"href":"https:\/\/gyorokszoda.hu\/index.php?rest_route=%2Fwp%2Fv2%2Fmedia&parent=146"}],"wp:term":[{"taxonomy":"category","embeddable":true,"href":"https:\/\/gyorokszoda.hu\/index.php?rest_route=%2Fwp%2Fv2%2Fcategories&post=146"},{"taxonomy":"post_tag","embeddable":true,"href":"https:\/\/gyorokszoda.hu\/index.php?rest_route=%2Fwp%2Fv2%2Ftags&post=146"}],"curies":[{"name":"wp","href":"https:\/\/api.w.org\/{rel}","templated":true}]}}